{"id":2589,"date":"2025-07-14T10:07:08","date_gmt":"2025-07-14T10:07:08","guid":{"rendered":"https:\/\/tartufi-istra.com\/geschichte-der-trueffel-in-istrien-wie-das-gold-der-erde-zum-kulinarischen-symbol-wurde\/"},"modified":"2025-07-14T11:11:49","modified_gmt":"2025-07-14T11:11:49","slug":"geschichte-der-trueffel-in-istrien-wie-das-gold-der-erde-zum-kulinarischen-symbol-wurde","status":"publish","type":"post","link":"https:\/\/tartufi-istra.com\/de\/geschichte-der-trueffel-in-istrien-wie-das-gold-der-erde-zum-kulinarischen-symbol-wurde\/","title":{"rendered":"Geschichte der Tr\u00fcffel in Istrien: Wie das Gold der Erde zum kulinarischen Symbol wurde"},"content":{"rendered":"<p>[et_pb_section fb_built=&#8220;1&#8243; theme_builder_area=&#8220;post_content&#8220; _builder_version=&#8220;4.27.4&#8243; _module_preset=&#8220;default&#8220; title_text=&#8220;20250714_1032_Truffle in Misty Istria_simple_compose_01k040yv5xfjtbnt5gen9jr2c3&#8243; background_image=&#8220;https:\/\/tartufi-istra.com\/wp-content\/uploads\/2025\/07\/20250714_1032_Truffle-in-Misty-Istria_simple_compose_01k040yv5xfjtbnt5gen9jr2c3.png&#8220; hover_enabled=&#8220;0&#8243; sticky_enabled=&#8220;0&#8243; custom_margin_last_edited=&#8220;on|tablet&#8220; custom_padding=&#8220;150px|4px|150px||true|false&#8220; custom_padding_last_edited=&#8220;on|phone&#8220; custom_padding_tablet=&#8220;100px||100px||true|false&#8220; custom_padding_phone=&#8220;80px||80px||true|false&#8220; background_blend=&#8220;multiply&#8220;][et_pb_row _builder_version=&#8220;4.27.4&#8243; _module_preset=&#8220;default&#8220; theme_builder_area=&#8220;post_content&#8220; width=&#8220;100%&#8220; hover_enabled=&#8220;0&#8243; sticky_enabled=&#8220;0&#8243; module_alignment=&#8220;center&#8220;][et_pb_column _builder_version=&#8220;4.27.4&#8243; _module_preset=&#8220;default&#8220; type=&#8220;4_4&#8243; theme_builder_area=&#8220;post_content&#8220;][et_pb_text _builder_version=&#8220;4.27.4&#8243; _module_preset=&#8220;26f7a2e4-ade5-464b-b00c-429a5335e930&#8243; theme_builder_area=&#8220;post_content&#8220; hover_enabled=&#8220;0&#8243; sticky_enabled=&#8220;0&#8243;]<\/p>\n<h1 style=\"text-align: center;\"><strong>Geschichte der Tr\u00fcffel in Istrien:<\/strong><\/h1>\n<h1 style=\"text-align: center;\">Wie das Gold der Erde zum kulinarischen Symbol wurde<\/h1>\n<p>[\/et_pb_text][\/et_pb_column][\/et_pb_row][\/et_pb_section][et_pb_section fb_built=&#8220;1&#8243; theme_builder_area=&#8220;post_content&#8220; _builder_version=&#8220;4.27.4&#8243; _module_preset=&#8220;default&#8220; custom_padding=&#8220;||0px|||&#8220;][et_pb_row _builder_version=&#8220;4.27.4&#8243; _module_preset=&#8220;default&#8220; theme_builder_area=&#8220;post_content&#8220;][et_pb_column _builder_version=&#8220;4.27.4&#8243; _module_preset=&#8220;default&#8220; type=&#8220;4_4&#8243; theme_builder_area=&#8220;post_content&#8220;][et_pb_text _builder_version=&#8220;4.27.4&#8243; _module_preset=&#8220;8c2eae8e-1475-4a3a-a480-c83585419f2b&#8220; theme_builder_area=&#8220;post_content&#8220; hover_enabled=&#8220;0&#8243; sticky_enabled=&#8220;0&#8243;]<\/p>\n<p><span>Wenn heute jemand &#8218;Tr\u00fcffel&#8216; sagt, denken die meisten an einen Teller dampfender Pasta mit frisch dar\u00fcbergehobelten Scheiben. Aber das ist nur das Ende der Geschichte. Der Anfang &#8211; wie so oft &#8211; liegt tief unter der Erde. Istrische Tr\u00fcffel werden heute in Sternerestaurants serviert, doch ihr Ursprung war still, ohne viel Aufhebens. Ein Spaziergang durch den Wald, der Blick zum Boden, ein Hund bleibt stehen &#8211; und aus der Stille wird ein Fund.    <\/span><\/p>\n<p>[\/et_pb_text][\/et_pb_column][\/et_pb_row][\/et_pb_section][et_pb_section fb_built=&#8220;1&#8243; theme_builder_area=&#8220;post_content&#8220; _builder_version=&#8220;4.27.4&#8243; _module_preset=&#8220;default&#8220; animation_style=&#8220;fade&#8220; animation_duration=&#8220;500ms&#8220; hover_enabled=&#8220;0&#8243; sticky_enabled=&#8220;0&#8243;][et_pb_row _builder_version=&#8220;4.27.4&#8243; _module_preset=&#8220;default&#8220; theme_builder_area=&#8220;post_content&#8220;][et_pb_column _builder_version=&#8220;4.27.4&#8243; _module_preset=&#8220;default&#8220; type=&#8220;4_4&#8243; theme_builder_area=&#8220;post_content&#8220;][et_pb_text _builder_version=&#8220;4.27.4&#8243; _module_preset=&#8220;00e11942-d2f6-4c86-913d-4e63a0655cf4&#8243; theme_builder_area=&#8220;post_content&#8220; hover_enabled=&#8220;0&#8243; sticky_enabled=&#8220;0&#8243;]<\/p>\n<h2>Antike und Mittelalter &#8211; Vergessenes Gut<\/h2>\n<p>[\/et_pb_text][\/et_pb_column][\/et_pb_row][et_pb_row _builder_version=&#8220;4.27.4&#8243; _module_preset=&#8220;default&#8220; theme_builder_area=&#8220;post_content&#8220;][et_pb_column _builder_version=&#8220;4.27.4&#8243; _module_preset=&#8220;default&#8220; type=&#8220;4_4&#8243; theme_builder_area=&#8220;post_content&#8220;][et_pb_text _builder_version=&#8220;4.27.4&#8243; _module_preset=&#8220;default&#8220; theme_builder_area=&#8220;post_content&#8220; text_font_size=&#8220;18px&#8220; hover_enabled=&#8220;0&#8243; sticky_enabled=&#8220;0&#8243; max_width=&#8220;85%&#8220; module_alignment=&#8220;center&#8220;]<\/p>\n<p><span>Die R\u00f6mer kannten Tr\u00fcffel, daran besteht kein Zweifel. Plinius, Apicius &#8211; sie schrieben \u00fcber den Geschmack, \u00fcber das Mysterium ihrer Entstehung nach einem Gewitter. Aber Istrien? Dar\u00fcber wird nichts Konkretes gesagt. Wuchsen Tr\u00fcffel dort? Mit gro\u00dfer Wahrscheinlichkeit. Wusste jemand, was da unter den F\u00fc\u00dfen wuchs? Vielleicht. Aber schriftlich dokumentiert &#8211; nichts.        <\/span><\/p>\n<p>Dann kam das Mittelalter. Hunger, Bescheidenheit, Religion. Tr\u00fcffel verschwanden von den Tellern, aber nicht aus dem Wald. Istrien stand unter Fremdherrschaft, die Menschen arbeiteten, die B\u00e4ume wuchsen, und unter der Rinde einer Eiche &#8211; atmete der Tr\u00fcffel weiter. Niemand sprach dar\u00fcber, aber er war da.    <\/p>\n<p>[\/et_pb_text][\/et_pb_column][\/et_pb_row][\/et_pb_section][et_pb_section fb_built=&#8220;1&#8243; theme_builder_area=&#8220;post_content&#8220; _builder_version=&#8220;4.27.4&#8243; _module_preset=&#8220;default&#8220; animation_style=&#8220;fade&#8220; animation_duration=&#8220;500ms&#8220; hover_enabled=&#8220;0&#8243; sticky_enabled=&#8220;0&#8243; animation_delay=&#8220;50ms&#8220; custom_padding_last_edited=&#8220;on|phone&#8220;][et_pb_row _builder_version=&#8220;4.27.4&#8243; _module_preset=&#8220;default&#8220; theme_builder_area=&#8220;post_content&#8220;][et_pb_column _builder_version=&#8220;4.27.4&#8243; _module_preset=&#8220;default&#8220; type=&#8220;4_4&#8243; theme_builder_area=&#8220;post_content&#8220;][et_pb_text _builder_version=&#8220;4.27.4&#8243; _module_preset=&#8220;00e11942-d2f6-4c86-913d-4e63a0655cf4&#8243; theme_builder_area=&#8220;post_content&#8220; hover_enabled=&#8220;0&#8243; sticky_enabled=&#8220;0&#8243;]<\/p>\n<h2>19. Jahrhundert &#8211; Erste Hinweise<\/h2>\n<p>[\/et_pb_text][\/et_pb_column][\/et_pb_row][et_pb_row _builder_version=&#8220;4.27.4&#8243; _module_preset=&#8220;default&#8220; theme_builder_area=&#8220;post_content&#8220; column_structure=&#8220;1_2,1_2&#8243; hover_enabled=&#8220;0&#8243; sticky_enabled=&#8220;0&#8243;][et_pb_column _builder_version=&#8220;4.27.4&#8243; _module_preset=&#8220;default&#8220; type=&#8220;1_2&#8243; theme_builder_area=&#8220;post_content&#8220;][et_pb_text _builder_version=&#8220;4.27.4&#8243; _module_preset=&#8220;default&#8220; theme_builder_area=&#8220;post_content&#8220; text_font_size=&#8220;18px&#8220; hover_enabled=&#8220;0&#8243; sticky_enabled=&#8220;0&#8243; max_width=&#8220;85%&#8220; module_alignment=&#8220;center&#8220;]<\/p>\n<p><span>Im 19. Jahrhundert kam Bewegung in die Sache. Adelige kamen nach Istrien &#8211; nicht wegen Tr\u00fcffeln, sondern wegen Jagd, Natur, Ruhe. Und w\u00e4hrend die Hunde gruben, entdeckten die Menschen diese &#8217;seltsamen Pilze&#8216;. Man schickte Proben weg, stellte Fragen. Die erste Neugierde war geweckt. Noch kein Markt, noch keine Gastronomie &#8211; aber jemand fragte: &#8218;Was ist das?&#8216;      <\/span><\/p>\n<p><span>Zu jener Zeit war der Tr\u00fcffel noch kein Symbol f\u00fcr Luxus. Er war etwas Ungew\u00f6hnliches, Duftendes, aber nicht unbedingt Begehrtes. Auf den M\u00e4rkten fand man ihn hier und da \u2013 eher als Kuriosit\u00e4t denn als Delikatesse. In den W\u00e4ldern von Motovun entdeckten ihn Bauern zuf\u00e4llig, oft ohne zu wissen, was sie damit anfangen sollten. Manche gaben ihn den Hunden, andere vergruben ihn wieder. Doch die Ger\u00fcchte verbreiteten sich \u2013 von einem Pilz, der durch Tuch hindurch duftet, von einem Geschmack, der an Erde und Waldluft erinnert. Von einem Pilz, den K\u00f6nige essen.      <\/span><\/p>\n<p>[\/et_pb_text][\/et_pb_column][et_pb_column _builder_version=&#8220;4.27.4&#8243; _module_preset=&#8220;default&#8220; type=&#8220;1_2&#8243; theme_builder_area=&#8220;post_content&#8220;][et_pb_image src=&#8220;https:\/\/tartufi-istra.com\/wp-content\/uploads\/2025\/07\/DEVOS_814C_l-1.jpg&#8220; _builder_version=&#8220;4.27.4&#8243; _module_preset=&#8220;default&#8220; theme_builder_area=&#8220;post_content&#8220; alt=&#8220;Vincent de Vos: Junge mit Jagdhunden, 19. Jahrhundert &#8220; title_text=&#8220;DEVOS_814C_l&#8220; hover_enabled=&#8220;0&#8243; sticky_enabled=&#8220;0&#8243;][\/et_pb_image][\/et_pb_column][\/et_pb_row][\/et_pb_section][et_pb_section fb_built=&#8220;1&#8243; theme_builder_area=&#8220;post_content&#8220; _builder_version=&#8220;4.27.4&#8243; _module_preset=&#8220;default&#8220; animation_style=&#8220;fade&#8220; animation_duration=&#8220;500ms&#8220; hover_enabled=&#8220;0&#8243; sticky_enabled=&#8220;0&#8243; animation_delay=&#8220;50ms&#8220;][et_pb_row _builder_version=&#8220;4.27.4&#8243; _module_preset=&#8220;default&#8220; theme_builder_area=&#8220;post_content&#8220;][et_pb_column _builder_version=&#8220;4.27.4&#8243; _module_preset=&#8220;default&#8220; type=&#8220;4_4&#8243; theme_builder_area=&#8220;post_content&#8220;][et_pb_text _builder_version=&#8220;4.27.4&#8243; _module_preset=&#8220;00e11942-d2f6-4c86-913d-4e63a0655cf4&#8243; theme_builder_area=&#8220;post_content&#8220; hover_enabled=&#8220;0&#8243; sticky_enabled=&#8220;0&#8243;]<\/p>\n<h2>20. Jahrhundert &#8211; Der Wald als Partner, nicht als Kulisse<\/h2>\n<p>[\/et_pb_text][\/et_pb_column][\/et_pb_row][et_pb_row _builder_version=&#8220;4.27.4&#8243; _module_preset=&#8220;default&#8220; theme_builder_area=&#8220;post_content&#8220;][et_pb_column _builder_version=&#8220;4.27.4&#8243; _module_preset=&#8220;default&#8220; type=&#8220;4_4&#8243; theme_builder_area=&#8220;post_content&#8220;][et_pb_text _builder_version=&#8220;4.27.4&#8243; _module_preset=&#8220;default&#8220; theme_builder_area=&#8220;post_content&#8220; text_font_size=&#8220;18px&#8220; hover_enabled=&#8220;0&#8243; sticky_enabled=&#8220;0&#8243; max_width=&#8220;85%&#8220; module_alignment=&#8220;center&#8220;]<\/p>\n<p>Nach dem Zweiten Weltkrieg \u00e4nderte sich vieles. Die Menschen kehrten zur Natur zur\u00fcck &#8211; weil sie mussten, nicht weil es modern war. In der Region rund um Motovun, Livade und Buzet wurde der Wald zur Lebensgrundlage. Tr\u00fcffel wurden nicht beworben, aber gesucht. Die Hunde kannten die Wege. Die Gro\u00dfv\u00e4ter wussten, wo die T\u00e4ler die Feuchtigkeit hielten. Niemand stellte viele Fragen.      <\/p>\n<p>Wissen wurde ohne Worte weitergegeben. Mit einem Blick. Mit einem Weg. Und der Wald &#8211; immer der Wald &#8211; gab nur denen, die ihn nicht bedr\u00e4ngten. So begann alles. Kein PR, keine Messen &#8211; nur Mensch, Hund und Erde.     <\/p>\n<p>[\/et_pb_text][\/et_pb_column][\/et_pb_row][\/et_pb_section][et_pb_section fb_built=&#8220;1&#8243; theme_builder_area=&#8220;post_content&#8220; _builder_version=&#8220;4.27.4&#8243; _module_preset=&#8220;default&#8220; animation_style=&#8220;fade&#8220; animation_duration=&#8220;500ms&#8220; hover_enabled=&#8220;0&#8243; sticky_enabled=&#8220;0&#8243; animation_delay=&#8220;50ms&#8220;][et_pb_row _builder_version=&#8220;4.27.4&#8243; _module_preset=&#8220;default&#8220; theme_builder_area=&#8220;post_content&#8220;][et_pb_column _builder_version=&#8220;4.27.4&#8243; _module_preset=&#8220;default&#8220; type=&#8220;4_4&#8243; theme_builder_area=&#8220;post_content&#8220;][et_pb_text _builder_version=&#8220;4.27.4&#8243; _module_preset=&#8220;00e11942-d2f6-4c86-913d-4e63a0655cf4&#8243; theme_builder_area=&#8220;post_content&#8220; hover_enabled=&#8220;0&#8243; sticky_enabled=&#8220;0&#8243;]<\/p>\n<h2>Terroir &#8211; Istrien ist mehr als Erde &#8211; es ist Rhythmus<\/h2>\n<p>[\/et_pb_text][\/et_pb_column][\/et_pb_row][et_pb_row _builder_version=&#8220;4.27.4&#8243; _module_preset=&#8220;default&#8220; theme_builder_area=&#8220;post_content&#8220; column_structure=&#8220;1_2,1_2&#8243; hover_enabled=&#8220;0&#8243; sticky_enabled=&#8220;0&#8243;][et_pb_column _builder_version=&#8220;4.27.4&#8243; _module_preset=&#8220;default&#8220; type=&#8220;1_2&#8243; theme_builder_area=&#8220;post_content&#8220;][et_pb_image src=&#8220;https:\/\/tartufi-istra.com\/wp-content\/uploads\/2025\/07\/iStock-14176085801.jpg&#8220; _builder_version=&#8220;4.27.4&#8243; _module_preset=&#8220;default&#8220; theme_builder_area=&#8220;post_content&#8220; alt=&#8220;Tr\u00fcffelplantage aus einem Sack auf Waldboden in Istrien&#8220; title_text=&#8220;iStock-1417608580&#8243; hover_enabled=&#8220;0&#8243; sticky_enabled=&#8220;0&#8243;][\/et_pb_image][\/et_pb_column][et_pb_column _builder_version=&#8220;4.27.4&#8243; _module_preset=&#8220;default&#8220; type=&#8220;1_2&#8243; theme_builder_area=&#8220;post_content&#8220;][et_pb_text _builder_version=&#8220;4.27.4&#8243; _module_preset=&#8220;default&#8220; theme_builder_area=&#8220;post_content&#8220; text_font_size=&#8220;18px&#8220; hover_enabled=&#8220;0&#8243; sticky_enabled=&#8220;0&#8243; max_width=&#8220;85%&#8220; module_alignment=&#8220;center&#8220;]<\/p>\n<p><span>Es gibt einen Grund, warum Tr\u00fcffel Istrien lieben. Der Boden entlang des Mirna-Flusses hat eine Struktur, die man nicht nachbilden kann. Die Feuchtigkeit bleibt genau richtig. Das Bl\u00e4tterdach l\u00e4sst nur so viel Licht durch, wie n\u00f6tig. Und die Symbiose mit den B\u00e4umen &#8211; Eiche, Pappel, Weide &#8211; das lernt man nicht aus B\u00fcchern. Das sp\u00fcrt man, wenn der Hund stehen bleibt.    <\/p>\n<p>Hier wird nicht gez\u00fcchtet. Es gibt Versuche, klar, aber der Tr\u00fcffel entscheidet selbst, ob er w\u00e4chst. Und genau das ist die Sch\u00f6nheit. Man kann ihn nicht zwingen &#8211; man kann nur in der N\u00e4he sein, wenn er sich zeigt.   <\/span><\/p>\n<p>[\/et_pb_text][\/et_pb_column][\/et_pb_row][\/et_pb_section][et_pb_section fb_built=&#8220;1&#8243; theme_builder_area=&#8220;post_content&#8220; _builder_version=&#8220;4.27.4&#8243; _module_preset=&#8220;default&#8220; animation_style=&#8220;fade&#8220; animation_duration=&#8220;500ms&#8220; hover_enabled=&#8220;0&#8243; sticky_enabled=&#8220;0&#8243; animation_delay=&#8220;50ms&#8220;][et_pb_row _builder_version=&#8220;4.27.4&#8243; _module_preset=&#8220;default&#8220; theme_builder_area=&#8220;post_content&#8220;][et_pb_column _builder_version=&#8220;4.27.4&#8243; _module_preset=&#8220;default&#8220; type=&#8220;4_4&#8243; theme_builder_area=&#8220;post_content&#8220;][et_pb_text _builder_version=&#8220;4.27.4&#8243; _module_preset=&#8220;00e11942-d2f6-4c86-913d-4e63a0655cf4&#8243; theme_builder_area=&#8220;post_content&#8220; hover_enabled=&#8220;0&#8243; sticky_enabled=&#8220;0&#8243;]<\/p>\n<h2>Tourismus und Tr\u00fcffel &#8211; Zwei Welten treffen sich<\/h2>\n<p>[\/et_pb_text][\/et_pb_column][\/et_pb_row][et_pb_row _builder_version=&#8220;4.27.4&#8243; _module_preset=&#8220;default&#8220; theme_builder_area=&#8220;post_content&#8220;][et_pb_column _builder_version=&#8220;4.27.4&#8243; _module_preset=&#8220;default&#8220; type=&#8220;4_4&#8243; theme_builder_area=&#8220;post_content&#8220;][et_pb_text _builder_version=&#8220;4.27.4&#8243; _module_preset=&#8220;default&#8220; theme_builder_area=&#8220;post_content&#8220; text_font_size=&#8220;18px&#8220; hover_enabled=&#8220;0&#8243; sticky_enabled=&#8220;0&#8243; max_width=&#8220;85%&#8220; module_alignment=&#8220;center&#8220;]<\/p>\n<p><span>Heute kommen immer mehr Menschen wegen der Tr\u00fcffel nach Istrien. Nicht nur, um sie zu essen, sondern um sie zu suchen. Tr\u00fcffelsuch-Touren sind Teil des touristischen Angebots &#8211; aber der wahre Moment ist, wenn der Hund stehen bleibt. Wenn der F\u00fchrer schweigt, weil er wei\u00df, da unten ist etwas.   <\/p>\n<p>Der Tr\u00fcffel auf dem Teller ist der H\u00f6hepunkt, aber der Weg dorthin &#8211; das bleibt im Ged\u00e4chtnis. Und wenn die Besucher nach Hause gehen, erinnern sie sich vielleicht nicht an den exakten Geschmack, aber an die Stille des Waldes und den Duft der Erde, die sie umgegraben haben. <\/span><\/p>\n<p>[\/et_pb_text][\/et_pb_column][\/et_pb_row][et_pb_row _builder_version=&#8220;4.27.4&#8243; _module_preset=&#8220;default&#8220; theme_builder_area=&#8220;post_content&#8220;][et_pb_column _builder_version=&#8220;4.27.4&#8243; _module_preset=&#8220;default&#8220; type=&#8220;4_4&#8243; theme_builder_area=&#8220;post_content&#8220;][et_pb_image src=&#8220;https:\/\/tartufi-istra.com\/wp-content\/uploads\/2025\/07\/Tartufi-Istra-Web-2025-208-scaled.jpg&#8220; _builder_version=&#8220;4.27.4&#8243; _module_preset=&#8220;default&#8220; theme_builder_area=&#8220;post_content&#8220; title_text=&#8220;Tartufi Istra Web 2025-208&#8243; hover_enabled=&#8220;0&#8243; sticky_enabled=&#8220;0&#8243;][\/et_pb_image][\/et_pb_column][\/et_pb_row][\/et_pb_section][et_pb_section fb_built=&#8220;1&#8243; theme_builder_area=&#8220;post_content&#8220; _builder_version=&#8220;4.27.4&#8243; _module_preset=&#8220;default&#8220; animation_style=&#8220;fade&#8220; animation_duration=&#8220;500ms&#8220; hover_enabled=&#8220;0&#8243; sticky_enabled=&#8220;0&#8243; animation_delay=&#8220;50ms&#8220;][et_pb_row _builder_version=&#8220;4.27.4&#8243; _module_preset=&#8220;default&#8220; theme_builder_area=&#8220;post_content&#8220;][et_pb_column _builder_version=&#8220;4.27.4&#8243; _module_preset=&#8220;default&#8220; type=&#8220;4_4&#8243; theme_builder_area=&#8220;post_content&#8220;][et_pb_text _builder_version=&#8220;4.27.4&#8243; _module_preset=&#8220;00e11942-d2f6-4c86-913d-4e63a0655cf4&#8243; theme_builder_area=&#8220;post_content&#8220; hover_enabled=&#8220;0&#8243; sticky_enabled=&#8220;0&#8243;]<\/p>\n<h2>Qualit\u00e4t, die sich nicht standardisieren l\u00e4sst<\/h2>\n<p>[\/et_pb_text][\/et_pb_column][\/et_pb_row][et_pb_row _builder_version=&#8220;4.27.4&#8243; _module_preset=&#8220;default&#8220; theme_builder_area=&#8220;post_content&#8220;][et_pb_column _builder_version=&#8220;4.27.4&#8243; _module_preset=&#8220;default&#8220; type=&#8220;4_4&#8243; theme_builder_area=&#8220;post_content&#8220;][et_pb_text _builder_version=&#8220;4.27.4&#8243; _module_preset=&#8220;default&#8220; theme_builder_area=&#8220;post_content&#8220; text_font_size=&#8220;18px&#8220; hover_enabled=&#8220;0&#8243; sticky_enabled=&#8220;0&#8243; max_width=&#8220;85%&#8220; module_alignment=&#8220;center&#8220;]<\/p>\n<p><span>In Istrien werden Tr\u00fcffel noch immer gefunden &#8211; nicht produziert. Und das ist der Unterschied. Keine gro\u00dfen Farmen. Keine Gew\u00e4chsh\u00e4user in Reih und Glied. Nur der Hund, der Wald und die Saison. Mal reich, mal karg. Aber immer ehrlich.      <\/p>\n<p>Jeder Tr\u00fcffel, der auf dem Teller landet, hat eine Geschichte. Und die steht nicht auf dem Etikett &#8211; aber man riecht sie, wenn man die Schachtel \u00f6ffnet.  <\/span><\/p>\n<p>[\/et_pb_text][\/et_pb_column][\/et_pb_row][\/et_pb_section][et_pb_section fb_built=&#8220;1&#8243; theme_builder_area=&#8220;post_content&#8220; _builder_version=&#8220;4.27.4&#8243; _module_preset=&#8220;default&#8220;][et_pb_row _builder_version=&#8220;4.27.4&#8243; _module_preset=&#8220;default&#8220; theme_builder_area=&#8220;post_content&#8220;][et_pb_column _builder_version=&#8220;4.27.4&#8243; _module_preset=&#8220;default&#8220; type=&#8220;4_4&#8243; theme_builder_area=&#8220;post_content&#8220;][et_pb_text _builder_version=&#8220;4.27.4&#8243; _module_preset=&#8220;8c2eae8e-1475-4a3a-a480-c83585419f2b&#8220; theme_builder_area=&#8220;post_content&#8220; hover_enabled=&#8220;0&#8243; sticky_enabled=&#8220;0&#8243; locked=&#8220;off&#8220;]<\/p>\n<p><span>Die Geschichte der Tr\u00fcffel in Istrien <strong>hat kein Ende<\/strong> &#8211; jede Saison ist ein <strong>neuer Anfang<\/strong>. Jeder Hund, der den Wald betritt, ist eine neue Hoffnung. Jeder Gro\u00dfvater, der seinem Enkel etwas beibringt &#8211; eine <strong>Fortsetzung der Linie<\/strong>.  <\/span><\/p>\n<p>Ein Tr\u00fcffel ist nicht nur eine Zutat. Er ist Verbindung. Mit der Natur, mit den Menschen, mit der Stille. Und Istrien? Istrien <strong>h\u00f6rt einfach zu &#8211; und erinnert sich<\/strong>. So wie es jedes gute Terroir sollte.     <\/p>\n<p>[\/et_pb_text][\/et_pb_column][\/et_pb_row][\/et_pb_section]<\/p>\n","protected":false},"excerpt":{"rendered":"<p>Geschichte der Tr\u00fcffel in Istrien: Wie das Gold der Erde zum kulinarischen Symbol wurdeWenn heute jemand &#8218;Tr\u00fcffel&#8216; sagt, denken die meisten an einen Teller dampfender Pasta mit frisch dar\u00fcbergehobelten Scheiben. Aber das ist nur das Ende der Geschichte. Der Anfang &#8211; wie so oft &#8211; liegt tief unter der Erde. Istrische Tr\u00fcffel werden heute in&hellip;<\/p>\n","protected":false},"author":1,"featured_media":0,"comment_status":"open","ping_status":"open","sticky":false,"template":"","format":"standard","meta":{"_et_pb_use_builder":"on","_et_pb_old_content":"","_et_gb_content_width":"","footnotes":""},"categories":[62],"tags":[],"class_list":["post-2589","post","type-post","status-publish","format-standard","hentry","category-blog-de"],"aioseo_notices":[],"_links":{"self":[{"href":"https:\/\/tartufi-istra.com\/de\/wp-json\/wp\/v2\/posts\/2589","targetHints":{"allow":["GET"]}}],"collection":[{"href":"https:\/\/tartufi-istra.com\/de\/wp-json\/wp\/v2\/posts"}],"about":[{"href":"https:\/\/tartufi-istra.com\/de\/wp-json\/wp\/v2\/types\/post"}],"author":[{"embeddable":true,"href":"https:\/\/tartufi-istra.com\/de\/wp-json\/wp\/v2\/users\/1"}],"replies":[{"embeddable":true,"href":"https:\/\/tartufi-istra.com\/de\/wp-json\/wp\/v2\/comments?post=2589"}],"version-history":[{"count":0,"href":"https:\/\/tartufi-istra.com\/de\/wp-json\/wp\/v2\/posts\/2589\/revisions"}],"wp:attachment":[{"href":"https:\/\/tartufi-istra.com\/de\/wp-json\/wp\/v2\/media?parent=2589"}],"wp:term":[{"taxonomy":"category","embeddable":true,"href":"https:\/\/tartufi-istra.com\/de\/wp-json\/wp\/v2\/categories?post=2589"},{"taxonomy":"post_tag","embeddable":true,"href":"https:\/\/tartufi-istra.com\/de\/wp-json\/wp\/v2\/tags?post=2589"}],"curies":[{"name":"wp","href":"https:\/\/api.w.org\/{rel}","templated":true}]}}