{"id":2652,"date":"2025-07-14T13:48:12","date_gmt":"2025-07-14T13:48:12","guid":{"rendered":"https:\/\/tartufi-istra.com\/trueffelrezepte-gerichte-die-laenger-bleiben-als-der-letzte-bissen\/"},"modified":"2025-07-15T08:12:28","modified_gmt":"2025-07-15T08:12:28","slug":"trueffelrezepte-gerichte-die-laenger-bleiben-als-der-letzte-bissen","status":"publish","type":"post","link":"https:\/\/tartufi-istra.com\/de\/trueffelrezepte-gerichte-die-laenger-bleiben-als-der-letzte-bissen\/","title":{"rendered":"Tr\u00fcffelrezepte: Gerichte, die l\u00e4nger bleiben als der letzte Bissen"},"content":{"rendered":"<p>[et_pb_section fb_built=&#8220;1&#8243; custom_padding_last_edited=&#8220;on|phone&#8220; _builder_version=&#8220;4.27.4&#8243; _module_preset=&#8220;default&#8220; background_image=&#8220;https:\/\/tartufi-istra.com\/wp-content\/uploads\/2025\/07\/1685519116-asian-cuisine-ingredients-food-background-ginger-2023-05-09-20-34-33-utc-scaled.webp&#8220; background_blend=&#8220;multiply&#8220; custom_margin_tablet=&#8220;&#8220; custom_margin_phone=&#8220;&#8220; custom_margin_last_edited=&#8220;on|tablet&#8220; custom_padding=&#8220;150px|4px|150px||true|false&#8220; custom_padding_tablet=&#8220;100px||100px||true|false&#8220; custom_padding_phone=&#8220;80px||80px||true|false&#8220; global_colors_info=&#8220;{}&#8220;][et_pb_row _builder_version=&#8220;4.27.4&#8243; _module_preset=&#8220;default&#8220; width=&#8220;100%&#8220; module_alignment=&#8220;center&#8220; global_colors_info=&#8220;{}&#8220;][et_pb_column type=&#8220;4_4&#8243; _builder_version=&#8220;4.27.4&#8243; _module_preset=&#8220;default&#8220; global_colors_info=&#8220;{}&#8220;][et_pb_text _builder_version=&#8220;4.27.4&#8243; _module_preset=&#8220;26f7a2e4-ade5-464b-b00c-429a5335e930&#8243; header_text_color=&#8220;#ffffff&#8220; global_colors_info=&#8220;{}&#8220;]<\/p>\n<h1 style=\"text-align: center;\">Tr\u00fcffelrezepte:<\/h1>\n<h1 style=\"text-align: center;\">Gerichte, die l\u00e4nger bleiben als der letzte Bissen<\/h1>\n<p>[\/et_pb_text][\/et_pb_column][\/et_pb_row][\/et_pb_section][et_pb_section fb_built=&#8220;1&#8243; _builder_version=&#8220;4.27.4&#8243; _module_preset=&#8220;default&#8220; custom_padding=&#8220;||0px|||&#8220; global_colors_info=&#8220;{}&#8220;][et_pb_row _builder_version=&#8220;4.27.4&#8243; _module_preset=&#8220;default&#8220; global_colors_info=&#8220;{}&#8220;][et_pb_column type=&#8220;4_4&#8243; _builder_version=&#8220;4.27.4&#8243; _module_preset=&#8220;default&#8220; global_colors_info=&#8220;{}&#8220;][et_pb_text _builder_version=&#8220;4.27.4&#8243; _module_preset=&#8220;8c2eae8e-1475-4a3a-a480-c83585419f2b&#8220; global_colors_info=&#8220;{}&#8220;]<\/p>\n<p><span>Tr\u00fcffel sind nicht blo\u00df ein Extra &#8211; sie sind eine Einladung zum Innehalten. Diese Rezepte tragen Geschichten, den Duft Istriens und die Erinnerung daran, dass jeder Teller mehr sein kann als nur eine Mahlzeit. <\/span><\/p>\n<p>[\/et_pb_text][\/et_pb_column][\/et_pb_row][\/et_pb_section][et_pb_section fb_built=&#8220;1&#8243; custom_padding_last_edited=&#8220;on|phone&#8220; _builder_version=&#8220;4.27.4&#8243; _module_preset=&#8220;default&#8220; custom_padding_tablet=&#8220;&#8220; custom_padding_phone=&#8220;&#8220; animation_style=&#8220;fade&#8220; animation_duration=&#8220;500ms&#8220; animation_delay=&#8220;50ms&#8220; global_colors_info=&#8220;{}&#8220;][et_pb_row _builder_version=&#8220;4.27.4&#8243; _module_preset=&#8220;default&#8220; global_colors_info=&#8220;{}&#8220;][et_pb_column type=&#8220;4_4&#8243; _builder_version=&#8220;4.27.4&#8243; _module_preset=&#8220;default&#8220; global_colors_info=&#8220;{}&#8220;][et_pb_text _builder_version=&#8220;4.27.4&#8243; _module_preset=&#8220;00e11942-d2f6-4c86-913d-4e63a0655cf4&#8243; global_colors_info=&#8220;{}&#8220;]<\/p>\n<h2>R\u00fchrei, das nach Wald duftet<\/h2>\n<p>[\/et_pb_text][\/et_pb_column][\/et_pb_row][et_pb_row column_structure=&#8220;1_2,1_2&#8243; _builder_version=&#8220;4.27.4&#8243; _module_preset=&#8220;default&#8220; global_colors_info=&#8220;{}&#8220;][et_pb_column type=&#8220;1_2&#8243; _builder_version=&#8220;4.27.4&#8243; _module_preset=&#8220;default&#8220; global_colors_info=&#8220;{}&#8220;][et_pb_text _builder_version=&#8220;4.27.4&#8243; _module_preset=&#8220;default&#8220; text_font_size=&#8220;18px&#8220; max_width=&#8220;85%&#8220; module_alignment=&#8220;center&#8220; hover_enabled=&#8220;0&#8243; global_colors_info=&#8220;{}&#8220; text_font=&#8220;&#8211;et_global_body_font||||||||&#8220; sticky_enabled=&#8220;0&#8243;]<\/p>\n<p><span>Manche Fr\u00fchst\u00fccke entstehen nicht aus Hunger. Sondern aus dem Moment. Wenn das Haus still ist und jemand wei\u00df, dass Tr\u00fcffel &#8211; wie Gedanken &#8211; Zeit brauchen. Dieses Rezept ist einfach. Und genau deshalb ehrlich.   <\/span><\/p>\n<ul>\n<li><span>Zutaten:<\/span><\/li>\n<\/ul>\n<p><span>&#8211; 2 Eier<\/span><\/p>\n<p><span>&#8211; 1 EL Butter<\/span><\/p>\n<p><span>&#8211; Prise Salz<\/span><\/p>\n<p><span>&#8211; 2-3 Tropfen Wei\u00dfes Tr\u00fcffel\u00f6l <\/span><\/p>\n<p><span>&#8211; 1 Scheibe rustikales Brot, leicht getoastet<\/span><\/p>\n<p><span><\/span><\/p>\n<p>[\/et_pb_text][\/et_pb_column][et_pb_column type=&#8220;1_2&#8243; _builder_version=&#8220;4.27.4&#8243; _module_preset=&#8220;default&#8220; global_colors_info=&#8220;{}&#8220;][et_pb_image src=&#8220;https:\/\/tartufi-istra.com\/wp-content\/uploads\/2025\/07\/20250714_1513_Rustic-Breakfast-Elegance_simple_compose_01k04h1dtqfm3tm7cfcta82m03.png&#8220; alt=&#8220;Tartufi R\u00fchrei Istra&#8220; title_text=&#8220;R\u00fchrei mit Tr\u00fcffel\u00f6l&#8220; _builder_version=&#8220;4.27.4&#8243; _module_preset=&#8220;default&#8220; global_colors_info=&#8220;{}&#8220;][\/et_pb_image][\/et_pb_column][\/et_pb_row][et_pb_row _builder_version=&#8220;4.27.4&#8243; _module_preset=&#8220;default&#8220; global_colors_info=&#8220;{}&#8220;][et_pb_column type=&#8220;4_4&#8243; _builder_version=&#8220;4.27.4&#8243; _module_preset=&#8220;default&#8220; global_colors_info=&#8220;{}&#8220;][et_pb_text _builder_version=&#8220;4.27.4&#8243; _module_preset=&#8220;8c2eae8e-1475-4a3a-a480-c83585419f2b&#8220; global_colors_info=&#8220;{}&#8220;]<\/p>\n<p><strong>Zubereitung:<\/strong><\/p>\n<p><span>Butter bei schwacher Hitze in der Pfanne schmelzen. Eier mit Salz verquirlen und in die Pfanne geben. Langsam r\u00fchren, bis das R\u00fchrei cremig ist. Vom Herd nehmen, Tr\u00fcffel\u00f6l hinzuf\u00fcgen. Mit warmem Brot servieren.    <\/span><\/p>\n<p>[\/et_pb_text][\/et_pb_column][\/et_pb_row][\/et_pb_section][et_pb_section fb_built=&#8220;1&#8243; custom_padding_last_edited=&#8220;on|phone&#8220; _builder_version=&#8220;4.27.4&#8243; _module_preset=&#8220;default&#8220; custom_padding_tablet=&#8220;&#8220; custom_padding_phone=&#8220;&#8220; animation_style=&#8220;fade&#8220; animation_duration=&#8220;500ms&#8220; animation_delay=&#8220;50ms&#8220; global_colors_info=&#8220;{}&#8220;][et_pb_row _builder_version=&#8220;4.27.4&#8243; _module_preset=&#8220;default&#8220; global_colors_info=&#8220;{}&#8220;][et_pb_column type=&#8220;4_4&#8243; _builder_version=&#8220;4.27.4&#8243; _module_preset=&#8220;default&#8220; global_colors_info=&#8220;{}&#8220;][et_pb_text _builder_version=&#8220;4.27.4&#8243; _module_preset=&#8220;00e11942-d2f6-4c86-913d-4e63a0655cf4&#8243; global_colors_info=&#8220;{}&#8220;]<\/p>\n<h2>Pasta mit Butter und schwarzem Tr\u00fcffel<\/h2>\n<p>[\/et_pb_text][\/et_pb_column][\/et_pb_row][et_pb_row column_structure=&#8220;1_2,1_2&#8243; _builder_version=&#8220;4.27.4&#8243; _module_preset=&#8220;default&#8220; global_colors_info=&#8220;{}&#8220;][et_pb_column type=&#8220;1_2&#8243; _builder_version=&#8220;4.27.4&#8243; _module_preset=&#8220;default&#8220; global_colors_info=&#8220;{}&#8220;][et_pb_image src=&#8220;https:\/\/tartufi-istra.com\/wp-content\/uploads\/2025\/07\/20250714_1511_Tagliatelle-with-Black-Truffle_simple_compose_01k04gy5y5fbrb7zefar1v6yze.png&#8220; alt=&#8220;Tagliatelle-with-Black-Truffle&#8220; title_text=&#8220;Tagliatelle-with-Black-Truffle&#8220; _builder_version=&#8220;4.27.4&#8243; _module_preset=&#8220;default&#8220; global_colors_info=&#8220;{}&#8220;][\/et_pb_image][\/et_pb_column][et_pb_column type=&#8220;1_2&#8243; _builder_version=&#8220;4.27.4&#8243; _module_preset=&#8220;default&#8220; global_colors_info=&#8220;{}&#8220;][et_pb_text _builder_version=&#8220;4.27.4&#8243; _module_preset=&#8220;default&#8220; text_font_size=&#8220;18px&#8220; max_width=&#8220;85%&#8220; module_alignment=&#8220;center&#8220; global_colors_info=&#8220;{}&#8220;]<\/p>\n<p><span>Es gibt Tage, da isst man aus dem Teller. Und Tage, da isst man aus Gef\u00fchl. Diese Pasta mit Tr\u00fcffel geh\u00f6rt zu den letzteren \u2013 einfach, ehrlich, genau richtig. Nie \u00fcberw\u00fcrzt. Nie langweilig.   <\/span><\/p>\n<ul>\n<li><span>Zutaten:<\/span><\/li>\n<\/ul>\n<p><span>&#8211; 250 g frische Pasta (z.\u202fB. Tagliatelle)<\/span><\/p>\n<p><span>&#8211; 2 EL Butter<\/span><\/p>\n<p><span>&#8211; 4-5 Tropfen Schwarzes Tr\u00fcffel\u00f6l <\/span><\/p>\n<p><span>&#8211; Salz nach Geschmack<\/span><\/p>\n<p><span>&#8211; Parmesan (optional)<\/span><\/p>\n<p><span><\/span><\/p>\n<p>[\/et_pb_text][\/et_pb_column][\/et_pb_row][et_pb_row _builder_version=&#8220;4.27.4&#8243; _module_preset=&#8220;default&#8220; global_colors_info=&#8220;{}&#8220;][et_pb_column type=&#8220;4_4&#8243; _builder_version=&#8220;4.27.4&#8243; _module_preset=&#8220;default&#8220; global_colors_info=&#8220;{}&#8220;][et_pb_text _builder_version=&#8220;4.27.4&#8243; _module_preset=&#8220;8c2eae8e-1475-4a3a-a480-c83585419f2b&#8220; global_colors_info=&#8220;{}&#8220;]<\/p>\n<p><strong>Zubereitung:<\/strong><\/p>\n<p><span>Pasta in Salzwasser kochen. In einer zweiten Pfanne Butter schmelzen, etwas Kochwasser und die abgetropfte Pasta hinzuf\u00fcgen. Vermengen, vom Herd nehmen, Tr\u00fcffel\u00f6l unterheben. Nach Wunsch mit Parmesan bestreuen und sofort servieren.    <\/span><\/p>\n<p>[\/et_pb_text][\/et_pb_column][\/et_pb_row][\/et_pb_section][et_pb_section fb_built=&#8220;1&#8243; custom_padding_last_edited=&#8220;on|phone&#8220; _builder_version=&#8220;4.27.4&#8243; _module_preset=&#8220;default&#8220; custom_padding_tablet=&#8220;&#8220; custom_padding_phone=&#8220;&#8220; animation_style=&#8220;fade&#8220; animation_duration=&#8220;500ms&#8220; animation_delay=&#8220;50ms&#8220; global_colors_info=&#8220;{}&#8220;][et_pb_row _builder_version=&#8220;4.27.4&#8243; _module_preset=&#8220;default&#8220; global_colors_info=&#8220;{}&#8220;][et_pb_column type=&#8220;4_4&#8243; _builder_version=&#8220;4.27.4&#8243; _module_preset=&#8220;default&#8220; global_colors_info=&#8220;{}&#8220;][et_pb_text _builder_version=&#8220;4.27.4&#8243; _module_preset=&#8220;00e11942-d2f6-4c86-913d-4e63a0655cf4&#8243; global_colors_info=&#8220;{}&#8220;]<\/p>\n<h2>Tr\u00fcffelrisotto als Begleiter zum Steak<\/h2>\n<p>[\/et_pb_text][\/et_pb_column][\/et_pb_row][et_pb_row column_structure=&#8220;1_2,1_2&#8243; _builder_version=&#8220;4.27.4&#8243; _module_preset=&#8220;default&#8220; global_colors_info=&#8220;{}&#8220;][et_pb_column type=&#8220;1_2&#8243; _builder_version=&#8220;4.27.4&#8243; _module_preset=&#8220;default&#8220; global_colors_info=&#8220;{}&#8220;][et_pb_text _builder_version=&#8220;4.27.4&#8243; _module_preset=&#8220;default&#8220; text_font_size=&#8220;18px&#8220; max_width=&#8220;85%&#8220; module_alignment=&#8220;center&#8220; global_colors_info=&#8220;{}&#8220;]<\/p>\n<p><span>Das ist kein Hauptgericht &#8211; sondern das, was es abrundet. Tr\u00fcffelrisotto ist wie Hintergrundmusik: nie dominant, aber alles wird besser. Am besten serviert mit einem St\u00fcck Fleisch &#8211; z.\u202fB. Beefsteak oder Lammkotelett.  <\/span><\/p>\n<ul>\n<li><span>Zutaten:<\/span><\/li>\n<\/ul>\n<p><span>&#8211; 200 g Arborio-Reis<\/span><\/p>\n<p><span>&#8211; 1 kleine Zwiebel, fein gehackt<\/span><\/p>\n<p><span>&#8211; 1 EL Butter<\/span><\/p>\n<p><span>&#8211; 500 ml Gem\u00fcsebr\u00fche<\/span><\/p>\n<p><span>&#8211; 1 EL Tartufata <\/span><\/p>\n<p><span>&#8211; 1 EL geriebener Parmesan<\/span><\/p>\n<p><span>&#8211; Frisch gemahlener schwarzer Pfeffer<\/span><\/p>\n<p><span><\/span><\/p>\n<p>[\/et_pb_text][\/et_pb_column][et_pb_column type=&#8220;1_2&#8243; _builder_version=&#8220;4.27.4&#8243; _module_preset=&#8220;default&#8220; global_colors_info=&#8220;{}&#8220;][et_pb_image src=&#8220;https:\/\/tartufi-istra.com\/wp-content\/uploads\/2025\/07\/20250714_1522_Rustic-Mushroom-Risotto_simple_compose_01k04hhqnse21tzm6hcntsgn2p.png&#8220; alt=&#8220;Pilz-Tr\u00fcffel-Risotto mit Steak&#8220; title_text=&#8220;Tr\u00fcffelrisotto&#8220; _builder_version=&#8220;4.27.4&#8243; _module_preset=&#8220;default&#8220; global_colors_info=&#8220;{}&#8220;][\/et_pb_image][\/et_pb_column][\/et_pb_row][et_pb_row _builder_version=&#8220;4.27.4&#8243; _module_preset=&#8220;default&#8220; global_colors_info=&#8220;{}&#8220;][et_pb_column type=&#8220;4_4&#8243; _builder_version=&#8220;4.27.4&#8243; _module_preset=&#8220;default&#8220; global_colors_info=&#8220;{}&#8220;][et_pb_text _builder_version=&#8220;4.27.4&#8243; _module_preset=&#8220;8c2eae8e-1475-4a3a-a480-c83585419f2b&#8220; global_colors_info=&#8220;{}&#8220;]<\/p>\n<p><strong>Zubereitung:<\/strong><\/p>\n<p><span>Zwiebel in Butter anschwitzen. Reis hinzuf\u00fcgen, kurz anr\u00f6sten, dann nach und nach Br\u00fche zugeben und r\u00fchren. Wenn der Reis al dente ist, Tartufata und Parmesan einr\u00fchren. Als Beilage zu einem gut gebratenen Steak servieren.   <\/span><\/p>\n<p>[\/et_pb_text][\/et_pb_column][\/et_pb_row][\/et_pb_section][et_pb_section fb_built=&#8220;1&#8243; custom_padding_last_edited=&#8220;on|phone&#8220; _builder_version=&#8220;4.27.4&#8243; _module_preset=&#8220;default&#8220; custom_padding_tablet=&#8220;&#8220; custom_padding_phone=&#8220;&#8220; animation_style=&#8220;fade&#8220; animation_duration=&#8220;500ms&#8220; animation_delay=&#8220;50ms&#8220; global_colors_info=&#8220;{}&#8220;][et_pb_row _builder_version=&#8220;4.27.4&#8243; _module_preset=&#8220;default&#8220; global_colors_info=&#8220;{}&#8220;][et_pb_column type=&#8220;4_4&#8243; _builder_version=&#8220;4.27.4&#8243; _module_preset=&#8220;default&#8220; global_colors_info=&#8220;{}&#8220;][et_pb_text _builder_version=&#8220;4.27.4&#8243; _module_preset=&#8220;00e11942-d2f6-4c86-913d-4e63a0655cf4&#8243; global_colors_info=&#8220;{}&#8220;]<\/p>\n<h2>Bruschetta mit Tr\u00fcffel-Pilz-Creme<\/h2>\n<p>[\/et_pb_text][\/et_pb_column][\/et_pb_row][et_pb_row column_structure=&#8220;1_2,1_2&#8243; _builder_version=&#8220;4.27.4&#8243; _module_preset=&#8220;default&#8220; global_colors_info=&#8220;{}&#8220;][et_pb_column type=&#8220;1_2&#8243; _builder_version=&#8220;4.27.4&#8243; _module_preset=&#8220;default&#8220; global_colors_info=&#8220;{}&#8220;][et_pb_image src=&#8220;https:\/\/tartufi-istra.com\/wp-content\/uploads\/2025\/07\/20250714_1545_Mushroom-Truffle-Toast_simple_compose_01k04jx5she0eba2my38gxh8f5.png&#8220; alt=&#8220;Bruschetta mit Pilz-Tr\u00fcffel-Creme&#8220; title_text=&#8220;Pilz-Tr\u00fcffel-Toast&#8220; _builder_version=&#8220;4.27.4&#8243; _module_preset=&#8220;default&#8220; global_colors_info=&#8220;{}&#8220;][\/et_pb_image][\/et_pb_column][et_pb_column type=&#8220;1_2&#8243; _builder_version=&#8220;4.27.4&#8243; _module_preset=&#8220;default&#8220; global_colors_info=&#8220;{}&#8220;][et_pb_text _builder_version=&#8220;4.27.4&#8243; _module_preset=&#8220;default&#8220; text_font_size=&#8220;18px&#8220; max_width=&#8220;85%&#8220; module_alignment=&#8220;center&#8220; global_colors_info=&#8220;{}&#8220;]<\/p>\n<p><span>Das ist kein Abendessen &#8211; das ist eine Pause. Ein Moment, in dem Brot ger\u00f6stet, Pilze gebraten und mit Tr\u00fcffelcreme vollendet werden. Und mehr braucht es nicht.  <\/span><\/p>\n<ul>\n<li><span>Zutaten:<\/span><\/li>\n<\/ul>\n<p><span>&#8211; 6 Scheiben rustikales Brot<\/span><\/p>\n<p><span>&#8211; 150 g Champignons, in Scheiben geschnitten<\/span><\/p>\n<p><span>&#8211; 1 EL Oliven\u00f6l<\/span><\/p>\n<p><span>&#8211; Salz und Pfeffer<\/span><\/p>\n<p><span>&#8211; 2 EL Tr\u00fcffel-Pilz-Creme <\/span><\/p>\n<p><span>&#8211; Frische Petersilie (optional)<\/span><\/p>\n<p><span><\/span><\/p>\n<p>[\/et_pb_text][\/et_pb_column][\/et_pb_row][et_pb_row _builder_version=&#8220;4.27.4&#8243; _module_preset=&#8220;default&#8220; global_colors_info=&#8220;{}&#8220;][et_pb_column type=&#8220;4_4&#8243; _builder_version=&#8220;4.27.4&#8243; _module_preset=&#8220;default&#8220; global_colors_info=&#8220;{}&#8220;][et_pb_text _builder_version=&#8220;4.27.4&#8243; _module_preset=&#8220;8c2eae8e-1475-4a3a-a480-c83585419f2b&#8220; global_colors_info=&#8220;{}&#8220;]<\/p>\n<p><strong>Zubereitung:<\/strong><\/p>\n<p><span>Pilze in \u00d6l mit Salz und Pfeffer anbraten. Brot r\u00f6sten, jede Scheibe mit Tr\u00fcffel-Pilz-Creme bestreichen. Pilze darauf verteilen, mit frischer Petersilie garnieren. Warm servieren.   <\/span><\/p>\n<p>[\/et_pb_text][\/et_pb_column][\/et_pb_row][\/et_pb_section][et_pb_section fb_built=&#8220;1&#8243; custom_padding_last_edited=&#8220;on|phone&#8220; _builder_version=&#8220;4.27.4&#8243; _module_preset=&#8220;default&#8220; custom_padding_tablet=&#8220;&#8220; custom_padding_phone=&#8220;&#8220; animation_style=&#8220;fade&#8220; animation_duration=&#8220;500ms&#8220; animation_delay=&#8220;50ms&#8220; global_colors_info=&#8220;{}&#8220;][et_pb_row _builder_version=&#8220;4.27.4&#8243; _module_preset=&#8220;default&#8220; global_colors_info=&#8220;{}&#8220;][et_pb_column type=&#8220;4_4&#8243; _builder_version=&#8220;4.27.4&#8243; _module_preset=&#8220;default&#8220; global_colors_info=&#8220;{}&#8220;][et_pb_text _builder_version=&#8220;4.27.4&#8243; _module_preset=&#8220;00e11942-d2f6-4c86-913d-4e63a0655cf4&#8243; global_colors_info=&#8220;{}&#8220;]<\/p>\n<h2>Schichtdessert mit Tr\u00fcffel-Schokocreme<\/h2>\n<p>[\/et_pb_text][\/et_pb_column][\/et_pb_row][et_pb_row column_structure=&#8220;1_2,1_2&#8243; _builder_version=&#8220;4.27.4&#8243; _module_preset=&#8220;default&#8220; global_colors_info=&#8220;{}&#8220;][et_pb_column type=&#8220;1_2&#8243; _builder_version=&#8220;4.27.4&#8243; _module_preset=&#8220;default&#8220; global_colors_info=&#8220;{}&#8220;][et_pb_text _builder_version=&#8220;4.27.4&#8243; _module_preset=&#8220;default&#8220; text_font_size=&#8220;18px&#8220; max_width=&#8220;85%&#8220; module_alignment=&#8220;center&#8220; global_colors_info=&#8220;{}&#8220;]<\/p>\n<p><span>Manche Desserts brauchen keinen Namen &#8211; nur einen L\u00f6ffel. Dieses vereint Schokobiskuit, Tr\u00fcffel-Schokocreme und Schlagsahne. Auf dem Papier simpel \u2013 im Geschmack unvergesslich.   <\/span><\/p>\n<ul>\n<li><span>Zutaten:<\/span><\/li>\n<\/ul>\n<p><em>F\u00fcr den Biskuit:<\/em><\/p>\n<p><span>&#8211; 2 Eier<\/span><\/p>\n<p><span>&#8211; 50 g Zucker<\/span><\/p>\n<p><span>&#8211; 40 g Mehl<\/span><\/p>\n<p><span>&#8211; 20 g Kakaopulver<\/span><\/p>\n<p><span>&#8211; Prise Salz<\/span><\/p>\n<p><em>F\u00fcr die Creme:<\/em><\/p>\n<p><span>&#8211; 100 g Zartbitterschokolade (70%)<\/span><\/p>\n<p><span>&#8211; 50 ml Schlagsahne<\/span><\/p>\n<p><span>&#8211; 1 TL Tr\u00fcffel-Schokocreme<\/span><\/p>\n<p><em>F\u00fcr das Topping:<\/em><\/p>\n<p><span>&#8211; 100 ml geschlagene Sahne mit etwas Zucker<\/span><\/p>\n<p><span><\/span><\/p>\n<p>[\/et_pb_text][\/et_pb_column][et_pb_column type=&#8220;1_2&#8243; _builder_version=&#8220;4.27.4&#8243; _module_preset=&#8220;default&#8220; global_colors_info=&#8220;{}&#8220;][et_pb_image src=&#8220;https:\/\/tartufi-istra.com\/wp-content\/uploads\/2025\/07\/20250714_1527_Layered-Chocolate-Delight_simple_compose_01k04hvf1bfekvsq4c6cwxgk0z.png&#8220; alt=&#8220;Tr\u00fcffel-Schokoladencreme-Dessert&#8220; title_text=&#8220;Tr\u00fcffel-Schokoladencreme-Dessert&#8220; _builder_version=&#8220;4.27.4&#8243; _module_preset=&#8220;default&#8220; global_colors_info=&#8220;{}&#8220;][\/et_pb_image][\/et_pb_column][\/et_pb_row][et_pb_row _builder_version=&#8220;4.27.4&#8243; _module_preset=&#8220;default&#8220; global_colors_info=&#8220;{}&#8220;][et_pb_column type=&#8220;4_4&#8243; _builder_version=&#8220;4.27.4&#8243; _module_preset=&#8220;default&#8220; global_colors_info=&#8220;{}&#8220;][et_pb_text _builder_version=&#8220;4.27.4&#8243; _module_preset=&#8220;8c2eae8e-1475-4a3a-a480-c83585419f2b&#8220; custom_margin=&#8220;||-2px|||&#8220; global_colors_info=&#8220;{}&#8220;]<\/p>\n<p><strong>Zubereitung:<\/strong><\/p>\n<p><span>Biskuit zubereiten: Eier und Zucker schaumig schlagen, trockene Zutaten unterheben, 10-12 Minuten bei 180 \u00b0C backen. Ausk\u00fchlen lassen, Kreise ausstechen. Schokolade mit Sahne schmelzen, Tr\u00fcffelcreme unterr\u00fchren. In Gl\u00e4sern schichten: Biskuit, Creme, Sahne. K\u00fchlen und servieren.     <\/span><\/p>\n<p>[\/et_pb_text][\/et_pb_column][\/et_pb_row][\/et_pb_section][et_pb_section fb_built=&#8220;1&#8243; _builder_version=&#8220;4.27.4&#8243; _module_preset=&#8220;default&#8220; global_colors_info=&#8220;{}&#8220;][et_pb_row _builder_version=&#8220;4.27.4&#8243; _module_preset=&#8220;default&#8220; global_colors_info=&#8220;{}&#8220;][et_pb_column type=&#8220;4_4&#8243; _builder_version=&#8220;4.27.4&#8243; _module_preset=&#8220;default&#8220; global_colors_info=&#8220;{}&#8220;][et_pb_text _builder_version=&#8220;4.27.4&#8243; _module_preset=&#8220;8c2eae8e-1475-4a3a-a480-c83585419f2b&#8220; locked=&#8220;off&#8220; global_colors_info=&#8220;{}&#8220;]<\/p>\n<p><span>Nicht jeder war schon in den W\u00e4ldern rund um Motovun &#8211; oder hat diesen Moment erlebt, wenn der Hund pl\u00f6tzlich stehen bleibt und alles still wird. Aber durch einen Teller &#8211; ein St\u00fcck davon l\u00e4sst sich teilen. Im Glas, in der Flasche, im L\u00f6ffel &#8211; bleibt der Duft der Erde und der Sorgfalt. Tartufi Istra bietet eine M\u00f6glichkeit, das Herz Istriens von zuhause aus zu schmecken. Es geht nicht um Luxus. Es geht um Entscheidung.     <\/span><\/p>\n<p>[\/et_pb_text][\/et_pb_column][\/et_pb_row][\/et_pb_section]<\/p>\n","protected":false},"excerpt":{"rendered":"<p>Tr\u00fcffelrezepte: Gerichte, die l\u00e4nger bleiben als der letzte BissenTr\u00fcffel sind nicht blo\u00df ein Extra &#8211; sie sind eine Einladung zum Innehalten. Diese Rezepte tragen Geschichten, den Duft Istriens und die Erinnerung daran, dass jeder Teller mehr sein kann als nur eine Mahlzeit. R\u00fchrei, das nach Wald duftetManche Fr\u00fchst\u00fccke entstehen nicht aus Hunger. Sondern aus dem&hellip;<\/p>\n","protected":false},"author":1,"featured_media":0,"comment_status":"open","ping_status":"open","sticky":false,"template":"","format":"standard","meta":{"_et_pb_use_builder":"on","_et_pb_old_content":"","_et_gb_content_width":"","footnotes":""},"categories":[62],"tags":[],"class_list":["post-2652","post","type-post","status-publish","format-standard","hentry","category-blog-de"],"aioseo_notices":[],"_links":{"self":[{"href":"https:\/\/tartufi-istra.com\/de\/wp-json\/wp\/v2\/posts\/2652","targetHints":{"allow":["GET"]}}],"collection":[{"href":"https:\/\/tartufi-istra.com\/de\/wp-json\/wp\/v2\/posts"}],"about":[{"href":"https:\/\/tartufi-istra.com\/de\/wp-json\/wp\/v2\/types\/post"}],"author":[{"embeddable":true,"href":"https:\/\/tartufi-istra.com\/de\/wp-json\/wp\/v2\/users\/1"}],"replies":[{"embeddable":true,"href":"https:\/\/tartufi-istra.com\/de\/wp-json\/wp\/v2\/comments?post=2652"}],"version-history":[{"count":0,"href":"https:\/\/tartufi-istra.com\/de\/wp-json\/wp\/v2\/posts\/2652\/revisions"}],"wp:attachment":[{"href":"https:\/\/tartufi-istra.com\/de\/wp-json\/wp\/v2\/media?parent=2652"}],"wp:term":[{"taxonomy":"category","embeddable":true,"href":"https:\/\/tartufi-istra.com\/de\/wp-json\/wp\/v2\/categories?post=2652"},{"taxonomy":"post_tag","embeddable":true,"href":"https:\/\/tartufi-istra.com\/de\/wp-json\/wp\/v2\/tags?post=2652"}],"curies":[{"name":"wp","href":"https:\/\/api.w.org\/{rel}","templated":true}]}}